{"id":437,"date":"2012-05-19T23:00:14","date_gmt":"2012-05-19T22:00:14","guid":{"rendered":"http:\/\/www.straight-disorder.net\/?p=437"},"modified":"2016-10-26T22:56:38","modified_gmt":"2016-10-26T21:56:38","slug":"museomix5-nuit-des-musees-2012","status":"publish","type":"post","link":"http:\/\/www.straight-disorder.net\/?p=437","title":{"rendered":"Nuit des Mus\u00e9es \/ Mus\u00e9Omix&rsquo;#5"},"content":{"rendered":"<p><a href=\"http:\/\/straight-disorder.net\/container\/museomix\/museomix2012-01.jpg\"><img loading=\"lazy\" class=\"alignnone\" alt=\"\" src=\"http:\/\/straight-disorder.net\/container\/museomix\/museomix2012-01.jpg\" width=\"540\" height=\"304\" \/><\/a><\/p>\n<p>\u00ab\u00a0Pour la cinqui\u00e8me ann\u00e9e cons\u00e9cutive, <a href=\"http:\/\/www.sans-reserve.org\/\" target=\"_blank\"><strong><span style=\"color: #00ccff;\">Le Sans R\u00e9serve<\/span><\/strong><\/a>, en partenariat avec le <a href=\"http:\/\/www.perigueux-maap.fr\/\" target=\"_blank\"><strong><span style=\"color: #00ccff;\">Mus\u00e9e d\u2019Art et d\u2019Arch\u00e9ologie du P\u00e9rigord<\/span><\/strong><\/a>, apporte sa petite touche \u00e0 \u00ab\u00a0<strong><span style=\"color: #ffffff;\">La Nuit europ\u00e9enne des Mus\u00e9es<\/span><\/strong>\u00ab\u00a0.<br \/>\n<strong><span style=\"color: #ffffff;\">Mus\u00e9Omix\u2019<\/span><\/strong> c\u2019est une soir\u00e9e pour d\u00e9couvrir ou red\u00e9couvrir gratuitement le mus\u00e9e sous toutes ses coutures\u2026 une soir\u00e9e pour \u00e9couter des Djs dans un cadre inhabituel\u2026\u00a0\u00bb<br \/>\nCette ann\u00e9e l&rsquo;association <strong><span style=\"color: #ffffff;\">Straight Disorder<\/span><\/strong> a \u00e9t\u00e9 missionn\u00e9 pour cr\u00e9er une sc\u00e9nographie ax\u00e9e sur un ambiancement vid\u00e9o du lieu, en utilisant les murs, pierres et autres \u00e9l\u00e9ments architecturaux faisant la particularit\u00e9 du clo\u00eetre du mus\u00e9e.<\/p>\n<p>&#8212;&#8212;&#8212;&#8212;&#8212;&#8212;&#8212;&#8212;&#8212;&#8212;&#8212;&#8212;&#8212;&#8212;&#8212;&#8212;&#8212;&#8212;&#8212;<\/p>\n<p>\/\/ Line-up<br \/>\n<strong><span style=\"color: #ffffff;\">HOTBLOOD<\/span><\/strong> (dubstep) \/\/ <a href=\"http:\/\/mareebass.blogspot.fr\/\" target=\"_blank\"><strong><span style=\"color: #00ccff;\">mareebass.blogspot.fr<\/span><\/strong><\/a><br \/>\n<strong><span style=\"color: #ffffff;\">NAWAK BRITISH<\/span><\/strong> (trip hop) \/\/ <a href=\"http:\/\/mareebass.blogspot.fr\/\" target=\"_blank\"><strong><span style=\"color: #00ccff;\">mareebass.blogspot.fr<\/span><\/strong><\/a><br \/>\n<a href=\"https:\/\/soundcloud.com\/monopole-lunaire\/following\" target=\"_blank\"><strong><span style=\"color: #00ccff;\">MONOPOLE LUNAIRE<\/span><\/strong><\/a> (live electro techno)<br \/>\n<strong><span style=\"color: #ffffff;\">STRAIGHT DISORDER<\/span><\/strong> (sc\u00e9nographie \/ visuels)<\/p>\n<table cellspacing=\"10\" cellpadding=\"5\">\n<tbody>\n<tr align=\"center\">\n<td><a href=\"http:\/\/straight-disorder.net\/container\/museomix\/galerie2012\/01.jpg\"><img loading=\"lazy\" class=\"aligncenter\" alt=\"\" src=\"http:\/\/straight-disorder.net\/container\/museomix\/galerie2012\/thb_01.jpg\" width=\"120\" height=\"120\" \/><\/a><\/td>\n<td><a href=\"http:\/\/straight-disorder.net\/container\/museomix\/galerie2012\/02.jpg\"><img loading=\"lazy\" class=\"aligncenter\" alt=\"\" src=\"http:\/\/straight-disorder.net\/container\/museomix\/galerie2012\/thb_02.jpg\" width=\"120\" height=\"120\" \/><\/a><\/td>\n<td><a href=\"http:\/\/straight-disorder.net\/container\/museomix\/galerie2012\/03.jpg\"><img loading=\"lazy\" class=\"aligncenter\" alt=\"\" src=\"http:\/\/straight-disorder.net\/container\/museomix\/galerie2012\/thb_03.jpg\" width=\"120\" height=\"120\" \/><\/a><\/td>\n<td><a href=\"http:\/\/straight-disorder.net\/container\/museomix\/galerie2012\/04.jpg\"><img loading=\"lazy\" class=\"aligncenter\" alt=\"\" src=\"http:\/\/straight-disorder.net\/container\/museomix\/galerie2012\/thb_04.jpg\" width=\"120\" height=\"120\" \/><\/a><\/td>\n<\/tr>\n<tr align=\"center\">\n<td><a href=\"http:\/\/straight-disorder.net\/container\/museomix\/galerie2012\/05.jpg\"><img loading=\"lazy\" class=\"aligncenter\" alt=\"\" src=\"http:\/\/straight-disorder.net\/container\/museomix\/galerie2012\/thb_05.jpg\" width=\"120\" height=\"120\" \/><\/a><\/td>\n<td><a href=\"http:\/\/straight-disorder.net\/container\/museomix\/galerie2012\/06.jpg\"><img loading=\"lazy\" class=\"aligncenter\" alt=\"\" src=\"http:\/\/straight-disorder.net\/container\/museomix\/galerie2012\/thb_06.jpg\" width=\"120\" height=\"120\" \/><\/a><\/td>\n<td><a href=\"http:\/\/straight-disorder.net\/container\/museomix\/galerie2012\/07.jpg\"><img loading=\"lazy\" class=\"aligncenter\" alt=\"\" src=\"http:\/\/straight-disorder.net\/container\/museomix\/galerie2012\/thb_07.jpg\" width=\"120\" height=\"120\" \/><\/a><\/td>\n<td><a href=\"http:\/\/straight-disorder.net\/container\/museomix\/galerie2012\/08.jpg\"><img loading=\"lazy\" class=\"aligncenter\" alt=\"\" src=\"http:\/\/straight-disorder.net\/container\/museomix\/galerie2012\/thb_08.jpg\" width=\"120\" height=\"120\" \/><\/a><\/td>\n<\/tr>\n<\/tbody>\n<\/table>\n<p>&#8212;&#8212;&#8212;&#8212;&#8212;&#8212;&#8212;&#8212;&#8212;&#8212;&#8212;&#8212;&#8212;&#8212;&#8212;&#8212;&#8212;-<\/p>\n<p><a href=\"http:\/\/www.sans-reserve.org\/\" target=\"_blank\"><strong><span style=\"color: #00ccff;\">Le Sans R\u00e9serve<\/span><\/strong><\/a> \/\/ 192, route d&rsquo;Angoul\u00eame 24000 P\u00e9rigueux \/ <a style=\"color: #00ccff;\" href=\"mailto:info@sans-reserve.org\">info@sans-reserve.org<\/a> \/ 05 53 06 12 73<br \/>\n<a href=\"http:\/\/www.perigueux-maap.fr\/\" target=\"_blank\"><strong><span style=\"color: #00ccff;\">Mus\u00e9e d\u2019Art et d\u2019Arch\u00e9ologie du P\u00e9rigord<\/span><\/strong><\/a> \/\/ 22, cours Tourny 24000 P\u00e9rigueux \/ <a style=\"color: #00ccff;\" href=\"mailto:maap@perigueux.fr\">maap@perigueux.fr<\/a> \/ 05 53 06 40 70<\/p>\n","protected":false},"excerpt":{"rendered":"<p>\u00ab\u00a0Pour la cinqui\u00e8me ann\u00e9e cons\u00e9cutive, Le Sans R\u00e9serve, en partenariat avec le Mus\u00e9e d\u2019Art et d\u2019Arch\u00e9ologie du P\u00e9rigord, apporte sa petite touche \u00e0 \u00ab\u00a0La Nuit europ\u00e9enne des Mus\u00e9es\u00ab\u00a0. Mus\u00e9Omix\u2019 c\u2019est une soir\u00e9e pour d\u00e9couvrir ou red\u00e9couvrir gratuitement le mus\u00e9e sous toutes ses coutures\u2026 une soir\u00e9e pour \u00e9couter des Djs dans un cadre inhabituel\u2026\u00a0\u00bb Cette ann\u00e9e <a class=\"read-more-link\" href=\"http:\/\/www.straight-disorder.net\/?p=437\"><br \/>Lire la suite<\/a><\/p>\n","protected":false},"author":1,"featured_media":605,"comment_status":"closed","ping_status":"open","sticky":false,"template":"","format":"standard","meta":[],"categories":[6,4,3],"tags":[],"_links":{"self":[{"href":"http:\/\/www.straight-disorder.net\/index.php?rest_route=\/wp\/v2\/posts\/437"}],"collection":[{"href":"http:\/\/www.straight-disorder.net\/index.php?rest_route=\/wp\/v2\/posts"}],"about":[{"href":"http:\/\/www.straight-disorder.net\/index.php?rest_route=\/wp\/v2\/types\/post"}],"author":[{"embeddable":true,"href":"http:\/\/www.straight-disorder.net\/index.php?rest_route=\/wp\/v2\/users\/1"}],"replies":[{"embeddable":true,"href":"http:\/\/www.straight-disorder.net\/index.php?rest_route=%2Fwp%2Fv2%2Fcomments&post=437"}],"version-history":[{"count":21,"href":"http:\/\/www.straight-disorder.net\/index.php?rest_route=\/wp\/v2\/posts\/437\/revisions"}],"predecessor-version":[{"id":444,"href":"http:\/\/www.straight-disorder.net\/index.php?rest_route=\/wp\/v2\/posts\/437\/revisions\/444"}],"wp:featuredmedia":[{"embeddable":true,"href":"http:\/\/www.straight-disorder.net\/index.php?rest_route=\/wp\/v2\/media\/605"}],"wp:attachment":[{"href":"http:\/\/www.straight-disorder.net\/index.php?rest_route=%2Fwp%2Fv2%2Fmedia&parent=437"}],"wp:term":[{"taxonomy":"category","embeddable":true,"href":"http:\/\/www.straight-disorder.net\/index.php?rest_route=%2Fwp%2Fv2%2Fcategories&post=437"},{"taxonomy":"post_tag","embeddable":true,"href":"http:\/\/www.straight-disorder.net\/index.php?rest_route=%2Fwp%2Fv2%2Ftags&post=437"}],"curies":[{"name":"wp","href":"https:\/\/api.w.org\/{rel}","templated":true}]}}